{"id":174,"date":"2022-07-27T15:04:09","date_gmt":"2022-07-27T13:04:09","guid":{"rendered":"https:\/\/www.prix-lyceen-ses.fr\/?p=174"},"modified":"2022-11-16T18:04:46","modified_gmt":"2022-11-16T17:04:46","slug":"anne-muxel-lautre-a-distance-quand-une-pandemie-touche-a-lintime-o-jacob","status":"publish","type":"post","link":"https:\/\/www.prix-lyceen-ses.fr\/index.php\/2022\/07\/27\/anne-muxel-lautre-a-distance-quand-une-pandemie-touche-a-lintime-o-jacob\/","title":{"rendered":"L&rsquo;Autre \u00e0 distance &#8211; Quand une pand\u00e9mie touche \u00e0 l&rsquo;intime (Anne Muxel)"},"content":{"rendered":"\n<p>\u00e9dition Odile Jacob, 2021,302 p , ISBN&nbsp;: 978-2-7381-5762-<\/p>\n\n\n\n<h3 class=\"wp-block-heading\">Pr\u00e9sentation : <\/h3>\n\n\n\n<p><a href=\"https:\/\/www.odilejacob.fr\/catalogue\/psychologie\/psychologie-generale\/autre-a-distance_9782738157621.php\">https:\/\/www.odilejacob.fr\/catalogue\/psychologie\/psychologie-generale\/autre-a-distance_9782738157621.php<\/a><\/p>\n\n\n\n<h3 class=\"wp-block-heading\">Pr\u00e9sentation radio par l\u2019auteure&nbsp;:<\/h3>\n\n\n\n<p><a href=\"https:\/\/www.radiofrance.fr\/franceinter\/podcasts\/l-invite-du-week-end\/l-invite-du-week-end-du-dimanche-03-octobre-2021-7321890\">https:\/\/www.radiofrance.fr\/franceinter\/podcasts\/l-invite-du-week-end\/l-invite-du-week-end-du-dimanche-03-octobre-2021-7321890<\/a><\/p>\n\n\n\n<figure class=\"wp-block-image size-full\"><img loading=\"lazy\" decoding=\"async\" width=\"321\" height=\"484\" src=\"https:\/\/www.prix-lyceen-ses.fr\/wp-content\/uploads\/2022\/07\/Capture-decran-2022-07-27-145436.png\" alt=\"\" class=\"wp-image-175\" srcset=\"https:\/\/www.prix-lyceen-ses.fr\/wp-content\/uploads\/2022\/07\/Capture-decran-2022-07-27-145436.png 321w, https:\/\/www.prix-lyceen-ses.fr\/wp-content\/uploads\/2022\/07\/Capture-decran-2022-07-27-145436-199x300.png 199w\" sizes=\"auto, (max-width: 321px) 100vw, 321px\" \/><\/figure>\n","protected":false},"excerpt":{"rendered":"<p>\u00e9dition Odile Jacob, 2021,302 p , ISBN&nbsp;: 978-2-7381-5762- Pr\u00e9sentation : https:\/\/www.odilejacob.fr\/catalogue\/psychologie\/psychologie-generale\/autre-a-distance_9782738157621.php Pr\u00e9sentation radio par l\u2019auteure&nbsp;: https:\/\/www.radiofrance.fr\/franceinter\/podcasts\/l-invite-du-week-end\/l-invite-du-week-end-du-dimanche-03-octobre-2021-7321890<\/p>\n","protected":false},"author":1,"featured_media":0,"comment_status":"open","ping_status":"open","sticky":false,"template":"","format":"standard","meta":{"footnotes":""},"categories":[4],"tags":[],"class_list":["post-174","post","type-post","status-publish","format-standard","hentry","category-selection-2023"],"_links":{"self":[{"href":"https:\/\/www.prix-lyceen-ses.fr\/index.php\/wp-json\/wp\/v2\/posts\/174","targetHints":{"allow":["GET"]}}],"collection":[{"href":"https:\/\/www.prix-lyceen-ses.fr\/index.php\/wp-json\/wp\/v2\/posts"}],"about":[{"href":"https:\/\/www.prix-lyceen-ses.fr\/index.php\/wp-json\/wp\/v2\/types\/post"}],"author":[{"embeddable":true,"href":"https:\/\/www.prix-lyceen-ses.fr\/index.php\/wp-json\/wp\/v2\/users\/1"}],"replies":[{"embeddable":true,"href":"https:\/\/www.prix-lyceen-ses.fr\/index.php\/wp-json\/wp\/v2\/comments?post=174"}],"version-history":[{"count":4,"href":"https:\/\/www.prix-lyceen-ses.fr\/index.php\/wp-json\/wp\/v2\/posts\/174\/revisions"}],"predecessor-version":[{"id":202,"href":"https:\/\/www.prix-lyceen-ses.fr\/index.php\/wp-json\/wp\/v2\/posts\/174\/revisions\/202"}],"wp:attachment":[{"href":"https:\/\/www.prix-lyceen-ses.fr\/index.php\/wp-json\/wp\/v2\/media?parent=174"}],"wp:term":[{"taxonomy":"category","embeddable":true,"href":"https:\/\/www.prix-lyceen-ses.fr\/index.php\/wp-json\/wp\/v2\/categories?post=174"},{"taxonomy":"post_tag","embeddable":true,"href":"https:\/\/www.prix-lyceen-ses.fr\/index.php\/wp-json\/wp\/v2\/tags?post=174"}],"curies":[{"name":"wp","href":"https:\/\/api.w.org\/{rel}","templated":true}]}}