{"id":310,"date":"2024-12-17T19:40:09","date_gmt":"2024-12-17T18:40:09","guid":{"rendered":"https:\/\/www.prix-lyceen-ses.fr\/?p=310"},"modified":"2024-12-17T19:40:35","modified_gmt":"2024-12-17T18:40:35","slug":"manon-loisel-et-nicolas-rio-pour-en-finir-avec-la-democratie-representative","status":"publish","type":"post","link":"https:\/\/www.prix-lyceen-ses.fr\/index.php\/2024\/12\/17\/manon-loisel-et-nicolas-rio-pour-en-finir-avec-la-democratie-representative\/","title":{"rendered":"Manon Loisel et Nicolas Rio, \u00ab\u00a0Pour en finir avec la d\u00e9mocratie repr\u00e9sentative\u00a0\u00bb"},"content":{"rendered":"\n<p>Loisel et Rio critiquent les limites de la d\u00e9mocratie repr\u00e9sentative actuelle et plaident pour une d\u00e9mocratie plus participative et inclusive. Ils proposent des alternatives visant \u00e0 impliquer davantage les citoyens dans les processus d\u00e9cisionnels. L&rsquo;ouvrage est un appel \u00e0 repenser les structures d\u00e9mocratiques pour mieux r\u00e9pondre aux aspirations contemporaines.<\/p>\n\n\n\n<figure class=\"wp-block-image size-full\"><img loading=\"lazy\" decoding=\"async\" width=\"418\" height=\"636\" src=\"https:\/\/www.prix-lyceen-ses.fr\/wp-content\/uploads\/2024\/12\/Capture-decran-2024-12-17-190850.jpg\" alt=\"\" class=\"wp-image-311\" srcset=\"https:\/\/www.prix-lyceen-ses.fr\/wp-content\/uploads\/2024\/12\/Capture-decran-2024-12-17-190850.jpg 418w, https:\/\/www.prix-lyceen-ses.fr\/wp-content\/uploads\/2024\/12\/Capture-decran-2024-12-17-190850-197x300.jpg 197w\" sizes=\"auto, (max-width: 418px) 100vw, 418px\" \/><\/figure>\n","protected":false},"excerpt":{"rendered":"<p>Loisel et Rio critiquent les limites de la d\u00e9mocratie repr\u00e9sentative actuelle et plaident pour une d\u00e9mocratie plus participative et inclusive. Ils proposent des alternatives visant [&#8230;]<\/p>\n","protected":false},"author":1,"featured_media":0,"comment_status":"open","ping_status":"open","sticky":false,"template":"","format":"standard","meta":{"footnotes":""},"categories":[7],"tags":[],"class_list":["post-310","post","type-post","status-publish","format-standard","hentry","category-selection-2025"],"_links":{"self":[{"href":"https:\/\/www.prix-lyceen-ses.fr\/index.php\/wp-json\/wp\/v2\/posts\/310","targetHints":{"allow":["GET"]}}],"collection":[{"href":"https:\/\/www.prix-lyceen-ses.fr\/index.php\/wp-json\/wp\/v2\/posts"}],"about":[{"href":"https:\/\/www.prix-lyceen-ses.fr\/index.php\/wp-json\/wp\/v2\/types\/post"}],"author":[{"embeddable":true,"href":"https:\/\/www.prix-lyceen-ses.fr\/index.php\/wp-json\/wp\/v2\/users\/1"}],"replies":[{"embeddable":true,"href":"https:\/\/www.prix-lyceen-ses.fr\/index.php\/wp-json\/wp\/v2\/comments?post=310"}],"version-history":[{"count":1,"href":"https:\/\/www.prix-lyceen-ses.fr\/index.php\/wp-json\/wp\/v2\/posts\/310\/revisions"}],"predecessor-version":[{"id":312,"href":"https:\/\/www.prix-lyceen-ses.fr\/index.php\/wp-json\/wp\/v2\/posts\/310\/revisions\/312"}],"wp:attachment":[{"href":"https:\/\/www.prix-lyceen-ses.fr\/index.php\/wp-json\/wp\/v2\/media?parent=310"}],"wp:term":[{"taxonomy":"category","embeddable":true,"href":"https:\/\/www.prix-lyceen-ses.fr\/index.php\/wp-json\/wp\/v2\/categories?post=310"},{"taxonomy":"post_tag","embeddable":true,"href":"https:\/\/www.prix-lyceen-ses.fr\/index.php\/wp-json\/wp\/v2\/tags?post=310"}],"curies":[{"name":"wp","href":"https:\/\/api.w.org\/{rel}","templated":true}]}}