{"id":439,"date":"2026-08-31T23:32:57","date_gmt":"2026-08-31T21:32:57","guid":{"rendered":"https:\/\/www.prix-lyceen-ses.fr\/?p=439"},"modified":"2026-09-01T07:39:20","modified_gmt":"2026-09-01T05:39:20","slug":"palmares-du-prix-2025-2026","status":"publish","type":"post","link":"https:\/\/www.prix-lyceen-ses.fr\/index.php\/2026\/08\/31\/palmares-du-prix-2025-2026\/","title":{"rendered":"Palmar\u00e8s du prix 2025-2026"},"content":{"rendered":"\n<figure class=\"wp-block-image alignleft size-large is-resized\"><img loading=\"lazy\" decoding=\"async\" width=\"657\" height=\"1024\" src=\"https:\/\/www.prix-lyceen-ses.fr\/wp-content\/uploads\/2025\/09\/9782348072819-1-657x1024.jpg\" alt=\"\" class=\"wp-image-434\" style=\"aspect-ratio:0.6415955879274029;width:311px;height:auto\" srcset=\"https:\/\/www.prix-lyceen-ses.fr\/wp-content\/uploads\/2025\/09\/9782348072819-1-657x1024.jpg 657w, https:\/\/www.prix-lyceen-ses.fr\/wp-content\/uploads\/2025\/09\/9782348072819-1-192x300.jpg 192w, https:\/\/www.prix-lyceen-ses.fr\/wp-content\/uploads\/2025\/09\/9782348072819-1-768x1197.jpg 768w, https:\/\/www.prix-lyceen-ses.fr\/wp-content\/uploads\/2025\/09\/9782348072819-1.jpg 800w\" sizes=\"auto, (max-width: 657px) 100vw, 657px\" \/><\/figure>\n\n\n\n<p class=\"wp-block-paragraph\">La 25e \u00e9dition du prix lyc\u00e9e du livre de SES a r\u00e9compens\u00e9 le livre de Fabien Truong et G\u00e9rome Truc, <em>Grands ensemble. Violence, solidarit\u00e9 et ressentiment dans les quartiers populaires<\/em> ; f\u00e9licitations aux auteurs !<\/p>\n\n\n\n<p class=\"wp-block-paragraph\">Sur la seconde marche du podium se trouve <em>Le Ghetto scolaire. Pour en finir avec le s\u00e9paratisme<\/em>, de F. Dubet et N. Vallaud-Belkacem ; <\/p>\n\n\n\n<p class=\"wp-block-paragraph\">Et en troisi\u00e8me position, l&rsquo;ouvrage de Servane Mouton :<em> \u00c9crans, un d\u00e9sastre sanitaire. Il est encore temps d\u2019agir.<\/em><\/p>\n\n\n\n<figure class=\"wp-block-gallery has-nested-images columns-default is-cropped wp-block-gallery-1 is-layout-flex wp-block-gallery-is-layout-flex\">\n<figure class=\"wp-block-image size-large\"><img loading=\"lazy\" decoding=\"async\" width=\"699\" height=\"1024\" data-id=\"369\" src=\"https:\/\/www.prix-lyceen-ses.fr\/wp-content\/uploads\/2025\/09\/154384_couverture_Hres_0-1-699x1024.jpg\" alt=\"\" class=\"wp-image-369\" srcset=\"https:\/\/www.prix-lyceen-ses.fr\/wp-content\/uploads\/2025\/09\/154384_couverture_Hres_0-1-699x1024.jpg 699w, https:\/\/www.prix-lyceen-ses.fr\/wp-content\/uploads\/2025\/09\/154384_couverture_Hres_0-1-205x300.jpg 205w, https:\/\/www.prix-lyceen-ses.fr\/wp-content\/uploads\/2025\/09\/154384_couverture_Hres_0-1-768x1124.jpg 768w, https:\/\/www.prix-lyceen-ses.fr\/wp-content\/uploads\/2025\/09\/154384_couverture_Hres_0-1-1049x1536.jpg 1049w, https:\/\/www.prix-lyceen-ses.fr\/wp-content\/uploads\/2025\/09\/154384_couverture_Hres_0-1.jpg 1366w\" sizes=\"auto, (max-width: 699px) 100vw, 699px\" \/><\/figure>\n\n\n\n<figure class=\"wp-block-image size-large\"><img loading=\"lazy\" decoding=\"async\" width=\"404\" height=\"564\" data-id=\"347\" src=\"https:\/\/www.prix-lyceen-ses.fr\/wp-content\/uploads\/2025\/09\/ecrans-un-desastre.png\" alt=\"\" class=\"wp-image-347\" srcset=\"https:\/\/www.prix-lyceen-ses.fr\/wp-content\/uploads\/2025\/09\/ecrans-un-desastre.png 404w, https:\/\/www.prix-lyceen-ses.fr\/wp-content\/uploads\/2025\/09\/ecrans-un-desastre-215x300.png 215w\" sizes=\"auto, (max-width: 404px) 100vw, 404px\" \/><\/figure>\n<\/figure>\n","protected":false},"excerpt":{"rendered":"<p>La 25e \u00e9dition du prix lyc\u00e9e du livre de SES a r\u00e9compens\u00e9 le livre de Fabien Truong et G\u00e9rome Truc, Grands ensemble. Violence, solidarit\u00e9 et [&#8230;]<\/p>\n","protected":false},"author":1,"featured_media":0,"comment_status":"open","ping_status":"open","sticky":false,"template":"","format":"standard","meta":{"footnotes":""},"categories":[1],"tags":[],"class_list":["post-439","post","type-post","status-publish","format-standard","hentry","category-non-classe"],"_links":{"self":[{"href":"https:\/\/www.prix-lyceen-ses.fr\/index.php\/wp-json\/wp\/v2\/posts\/439","targetHints":{"allow":["GET"]}}],"collection":[{"href":"https:\/\/www.prix-lyceen-ses.fr\/index.php\/wp-json\/wp\/v2\/posts"}],"about":[{"href":"https:\/\/www.prix-lyceen-ses.fr\/index.php\/wp-json\/wp\/v2\/types\/post"}],"author":[{"embeddable":true,"href":"https:\/\/www.prix-lyceen-ses.fr\/index.php\/wp-json\/wp\/v2\/users\/1"}],"replies":[{"embeddable":true,"href":"https:\/\/www.prix-lyceen-ses.fr\/index.php\/wp-json\/wp\/v2\/comments?post=439"}],"version-history":[{"count":2,"href":"https:\/\/www.prix-lyceen-ses.fr\/index.php\/wp-json\/wp\/v2\/posts\/439\/revisions"}],"predecessor-version":[{"id":476,"href":"https:\/\/www.prix-lyceen-ses.fr\/index.php\/wp-json\/wp\/v2\/posts\/439\/revisions\/476"}],"wp:attachment":[{"href":"https:\/\/www.prix-lyceen-ses.fr\/index.php\/wp-json\/wp\/v2\/media?parent=439"}],"wp:term":[{"taxonomy":"category","embeddable":true,"href":"https:\/\/www.prix-lyceen-ses.fr\/index.php\/wp-json\/wp\/v2\/categories?post=439"},{"taxonomy":"post_tag","embeddable":true,"href":"https:\/\/www.prix-lyceen-ses.fr\/index.php\/wp-json\/wp\/v2\/tags?post=439"}],"curies":[{"name":"wp","href":"https:\/\/api.w.org\/{rel}","templated":true}]}}