{"id":457,"date":"2026-09-01T00:38:44","date_gmt":"2026-08-31T22:38:44","guid":{"rendered":"https:\/\/www.prix-lyceen-ses.fr\/?p=457"},"modified":"2026-09-01T00:45:51","modified_gmt":"2026-08-31T22:45:51","slug":"s-beaud-zinedine-zidane-la-decouverte-2026","status":"publish","type":"post","link":"https:\/\/www.prix-lyceen-ses.fr\/index.php\/2026\/09\/01\/s-beaud-zinedine-zidane-la-decouverte-2026\/","title":{"rendered":"S. Beaud, \u00ab Zinedine Zidane \u00bb, La D\u00e9couverte, 2026"},"content":{"rendered":"\n<figure class=\"wp-block-image alignleft size-large is-resized\"><img decoding=\"async\" src=\"https:\/\/www.interforum.fr\/images\/DEC\/P3\/9782348092978.jpg\" alt=\"\" style=\"aspect-ratio:0.6314101683540561;width:331px;height:auto\"\/><\/figure>\n\n\n\n<p class=\"wp-block-paragraph\">Pourquoi d\u00e9dier un livre de plus \u00e0 Zinedine Zidane ? Depuis 1998, quantit\u00e9 de biographies lui ont \u00e9t\u00e9 consacr\u00e9es. Les grandes lignes de son histoire sont connues : n\u00e9 en 1972 \u00e0 Marseille, benjamin d&rsquo;une famille d&rsquo;immigr\u00e9s alg\u00e9riens de cinq enfants, il a grandi dans la cit\u00e9 de La Castellane (quartiers nord de Marseille) avant d&rsquo;int\u00e9grer le centre de formation de l&rsquo;AS Cannes et d&rsquo;entamer une grande carri\u00e8re de footballeur professionnel (Girondins de Bordeaux, Juventus de Turin, Real Madrid).<\/p>\n\n\n\n<p class=\"wp-block-paragraph\">La perspective ici privil\u00e9gi\u00e9e est sociologique. Elle montre les conditions sociales d&rsquo;une telle r\u00e9ussite, tout ce qu&rsquo;il faut comme cumul d&rsquo;investissements, de soutiens, familiaux, amicaux, professionnels ou tout simplement humains, pour produire un champion d&rsquo;exception.<\/p>\n\n\n\n<p class=\"wp-block-paragraph\">R\u00e9trospectivement, la trajectoire de Zidane se r\u00e9v\u00e8le historiquement repr\u00e9sentative, d&rsquo;une part, de la \u00a0\u00bb g\u00e9n\u00e9ration Bosman \u00a0\u00bb (les meilleurs footballeurs fran\u00e7ais vont jouer en Italie apr\u00e8s 1995) et, d&rsquo;autre part, de ce moment particulier o\u00f9 les enfants d&rsquo;immigr\u00e9s maghr\u00e9bins se sont fait leur place dans la soci\u00e9t\u00e9 fran\u00e7aise, malgr\u00e9 les obstacles rencontr\u00e9s.<\/p>\n\n\n\n<p class=\"wp-block-paragraph\"><strong>BEAUD, St\u00e9phane<\/strong>, <em>Zinedine Zidane<\/em>, Paris, La D\u00e9couverte, coll. \u00ab Rep\u00e8res \u00bb, \u00a0f\u00e9vrier 2026, 128 p., ISBN 978-2-34-808912-1.<\/p>\n","protected":false},"excerpt":{"rendered":"<p>Pourquoi d\u00e9dier un livre de plus \u00e0 Zinedine Zidane ? Depuis 1998, quantit\u00e9 de biographies lui ont \u00e9t\u00e9 consacr\u00e9es. Les grandes lignes de son histoire [&#8230;]<\/p>\n","protected":false},"author":1,"featured_media":0,"comment_status":"open","ping_status":"open","sticky":false,"template":"","format":"standard","meta":{"footnotes":""},"categories":[1],"tags":[],"class_list":["post-457","post","type-post","status-publish","format-standard","hentry","category-non-classe"],"_links":{"self":[{"href":"https:\/\/www.prix-lyceen-ses.fr\/index.php\/wp-json\/wp\/v2\/posts\/457","targetHints":{"allow":["GET"]}}],"collection":[{"href":"https:\/\/www.prix-lyceen-ses.fr\/index.php\/wp-json\/wp\/v2\/posts"}],"about":[{"href":"https:\/\/www.prix-lyceen-ses.fr\/index.php\/wp-json\/wp\/v2\/types\/post"}],"author":[{"embeddable":true,"href":"https:\/\/www.prix-lyceen-ses.fr\/index.php\/wp-json\/wp\/v2\/users\/1"}],"replies":[{"embeddable":true,"href":"https:\/\/www.prix-lyceen-ses.fr\/index.php\/wp-json\/wp\/v2\/comments?post=457"}],"version-history":[{"count":2,"href":"https:\/\/www.prix-lyceen-ses.fr\/index.php\/wp-json\/wp\/v2\/posts\/457\/revisions"}],"predecessor-version":[{"id":471,"href":"https:\/\/www.prix-lyceen-ses.fr\/index.php\/wp-json\/wp\/v2\/posts\/457\/revisions\/471"}],"wp:attachment":[{"href":"https:\/\/www.prix-lyceen-ses.fr\/index.php\/wp-json\/wp\/v2\/media?parent=457"}],"wp:term":[{"taxonomy":"category","embeddable":true,"href":"https:\/\/www.prix-lyceen-ses.fr\/index.php\/wp-json\/wp\/v2\/categories?post=457"},{"taxonomy":"post_tag","embeddable":true,"href":"https:\/\/www.prix-lyceen-ses.fr\/index.php\/wp-json\/wp\/v2\/tags?post=457"}],"curies":[{"name":"wp","href":"https:\/\/api.w.org\/{rel}","templated":true}]}}